{"id":3354,"date":"2026-05-01T17:27:43","date_gmt":"2026-05-01T21:27:43","guid":{"rendered":"https:\/\/pinochetismo.com\/?p=3354"},"modified":"2026-05-01T17:27:43","modified_gmt":"2026-05-01T21:27:43","slug":"proyecto-de-ley-busca-discriminar-a-hijos-de-inmigrantes-nacidos-en-territorio-nacional-01-05-2026","status":"publish","type":"post","link":"https:\/\/pinochetismo.com\/?p=3354","title":{"rendered":"PROYECTO DE LEY BUSCA DISCRIMINAR A HIJOS DE INMIGRANTES NACIDOS EN TERRITORIO NACIONAL 01-05-2026"},"content":{"rendered":"\n<p>  Los hijos de los inmigrantes no tienen por qu\u00e9 pagar la culpa de un estado ausente por m\u00e1s de 20 a\u00f1os que vendi\u00f3, la patria ,la identidad chilena ,seg\u00fan el ius Sol\u00eds tiene la nacionalidad por territorio, ahora recuerdo que hace m\u00e1s de 20 a\u00f1os en los foros de conversaci\u00f3n habl\u00e1bamos del problema de la inmigraci\u00f3n irregular y la gente no le tomaba el peso eran puros loquitos exaltados. <\/p>\n\n\n\n<p>        En la zona norte del pa\u00eds apareci\u00f3 acci\u00f3n identitaria protegiendo los valores de la patria recuerdo que aqu\u00ed en Magallanes el actual gobernador fr\u00edes empez\u00f3 a perseguir a ese grupo cuando comparti\u00f3 panfletos Llamando a proteger a la patria y no al racismo sino a reglas claras como una pol\u00edtica de inmigraci\u00f3n que siempre se habl\u00f3 el ejemplo australiano.<\/p>\n\n\n\n<p>        Qu\u00e9 nos queda ahora seguir con la idea de Kast de la zanja que es buena idea y empezar en los colegios a fomentar el nacionalismo entre chilenos e hijos de inmigrantes que son chilenos si nacieron ac\u00e1 como una juventud hitleriana que sientan el orgullo de nacer en Chile porque si empiezan a actuar como en Francia hacer segregaci\u00f3n a esa juventud va a ser tan rebelde como la ping\u00fcina y resentida, terminando como dec\u00eda Don Bosco No con golpes.<\/p>\n\n\n\n<p><\/p>\n\n\n<p><iframe loading=\"lazy\" width=\"560\" height=\"315\" src=\"\/\/ok.ru\/videoembed\/19610775652956?nochat=1\" frameborder=\"0\" allow=\"autoplay\" allowfullscreen><\/iframe><\/p>\n\n\n<p><\/p>\n\n\n<p><iframe loading=\"lazy\" class=\"scribd_iframe_embed\" tabindex=\"0\" title=\"Proyecto de Reforma Constitucional Busca Restringir El Acceso a La Nacionalidad Chilena 01-06-2025\" src=\"https:\/\/www.scribd.com\/embeds\/1033749519\/content?start_page=1&amp;view_mode=scroll&amp;access_key=key-wdE4RMPhzBPBllKtOJy1\" width=\"100%\" height=\"600\" frameborder=\"0\" scrolling=\"no\" data-auto-height=\"true\" data-aspect-ratio=\"0.7729220222793488\"><\/iframe><\/p>\n<p style=\"margin: 12px auto 6px auto; font-family: Helvetica,Arial,Sans-serif; font-size: 14px; line-height: normal; display: block;\"><a style=\"color: #098642; text-decoration: underline;\" title=\"View Proyecto de Reforma Constitucional Busca Restringir El Acceso a La Nacionalidad Chilena 01-06-2025 on Scribd\" href=\"https:\/\/www.scribd.com\/document\/1033749519\/Proyecto-de-Reforma-Constitucional-Busca-Restringir-El-Acceso-a-La-Nacionalidad-Chilena-01-06-2025#from_embed\"> Proyecto de Reforma Constitucional Busca Restringir El Acceso a La Nacionalidad Chilena 01-06-2025 <\/a> by <a style=\"color: #098642; text-decoration: underline;\" title=\"View Ren\u00e9 Ram\u00f3n Poblete Arizmendy's profile on Scribd\" href=\"https:\/\/www.scribd.com\/user\/378710026\/Rene-Ramon-Poblete-Arizmendy#from_embed\"> Ren\u00e9 Ram\u00f3n Poblete Arizmendy <\/a><\/p>\n\n\n<p><\/p>\n\n\n\n<p><a href=\"https:\/\/www.diarioconstitucional.cl\/2025\/06\/01\/proyecto-de-reforma-constitucional-busca-restringir-el-acceso-a-la-nacionalidad-chilena\">https:\/\/www.diarioconstitucional.cl\/2025\/06\/01\/proyecto-de-reforma-constitucional-busca-restringir-el-acceso-a-la-nacionalidad-chilena<\/a><\/p>\n","protected":false},"excerpt":{"rendered":"<p>Los hijos de los inmigrantes no tienen por qu\u00e9 pagar la culpa de un estado ausente por m\u00e1s de 20 a\u00f1os que vendi\u00f3, la patria ,la identidad chilena ,seg\u00fan el ius Sol\u00eds tiene la nacionalidad por territorio, ahora recuerdo que hace m\u00e1s de 20 a\u00f1os en los foros de conversaci\u00f3n habl\u00e1bamos del problema de la [&hellip;]<\/p>\n","protected":false},"author":1,"featured_media":858,"comment_status":"closed","ping_status":"closed","sticky":false,"template":"","format":"standard","meta":{"footnotes":""},"categories":[23,5,6],"tags":[],"class_list":["post-3354","post","type-post","status-publish","format-standard","has-post-thumbnail","hentry","category-comentarios","category-mensajes","category-videos"],"_links":{"self":[{"href":"https:\/\/pinochetismo.com\/index.php?rest_route=\/wp\/v2\/posts\/3354"}],"collection":[{"href":"https:\/\/pinochetismo.com\/index.php?rest_route=\/wp\/v2\/posts"}],"about":[{"href":"https:\/\/pinochetismo.com\/index.php?rest_route=\/wp\/v2\/types\/post"}],"author":[{"embeddable":true,"href":"https:\/\/pinochetismo.com\/index.php?rest_route=\/wp\/v2\/users\/1"}],"replies":[{"embeddable":true,"href":"https:\/\/pinochetismo.com\/index.php?rest_route=%2Fwp%2Fv2%2Fcomments&post=3354"}],"version-history":[{"count":1,"href":"https:\/\/pinochetismo.com\/index.php?rest_route=\/wp\/v2\/posts\/3354\/revisions"}],"predecessor-version":[{"id":3355,"href":"https:\/\/pinochetismo.com\/index.php?rest_route=\/wp\/v2\/posts\/3354\/revisions\/3355"}],"wp:featuredmedia":[{"embeddable":true,"href":"https:\/\/pinochetismo.com\/index.php?rest_route=\/wp\/v2\/media\/858"}],"wp:attachment":[{"href":"https:\/\/pinochetismo.com\/index.php?rest_route=%2Fwp%2Fv2%2Fmedia&parent=3354"}],"wp:term":[{"taxonomy":"category","embeddable":true,"href":"https:\/\/pinochetismo.com\/index.php?rest_route=%2Fwp%2Fv2%2Fcategories&post=3354"},{"taxonomy":"post_tag","embeddable":true,"href":"https:\/\/pinochetismo.com\/index.php?rest_route=%2Fwp%2Fv2%2Ftags&post=3354"}],"curies":[{"name":"wp","href":"https:\/\/api.w.org\/{rel}","templated":true}]}}