{"id":3321,"date":"2026-03-15T22:15:55","date_gmt":"2026-03-16T01:15:55","guid":{"rendered":"https:\/\/pinochetismo.com\/?p=3321"},"modified":"2026-03-15T22:15:56","modified_gmt":"2026-03-16T01:15:56","slug":"viviendas-sin-iva-y-400-mil-millones-para-reconstruccion-el-detalle-del-plan-economico","status":"publish","type":"post","link":"https:\/\/pinochetismo.com\/?p=3321","title":{"rendered":"Viviendas sin IVA y $400 mil millones para reconstrucci\u00f3n: el detalle del plan econ\u00f3mico"},"content":{"rendered":"\n<p>ESTA POLITICA BUSCA REALMENTE AYUDAR A PERSONAS QUE ADQUIEREN VIVIENDA POR PRIMERA VES??? O ESTA DESTINADA A PERSONAS QUE ESPECULAN Y HACEN LAVADO\u00bf? EN OTRAS PALABRAS A AQUELLOS QUE HACEN NEGOCIO MAS QUE USAN LA VIVIENDA\u00bf?&#8230;<\/p>\n\n\n\n<p><\/p>\n\n\n\n<p>Tras el anuncio presidencial en Lirqu\u00e9n,&nbsp;el ministro de Hacienda,&nbsp;<strong>Jorge Quiroz<\/strong>,&nbsp;entreg\u00f3 los detalles t\u00e9cnicos del&nbsp;<strong>Plan de Reconstrucci\u00f3n Nacional<\/strong>&nbsp;que el Ejecutivo ingresar\u00e1 al Congreso en los pr\u00f3ximos d\u00edas.&nbsp;La iniciativa no solo busca reparar los da\u00f1os causados por los incendios de enero en \u00d1uble y Biob\u00edo,&nbsp;sino que se presenta como un paquete de reactivaci\u00f3n econ\u00f3mica agresivo para destrabar la inversi\u00f3n y aliviar la carga financiera de las familias chilenas.<\/p>\n\n\n\n<p>El proyecto articula una respuesta de emergencia con reformas estructurales que pretenden,&nbsp;seg\u00fan el titular de Hacienda,&nbsp;\u201cimpulsar la recuperaci\u00f3n y fortalecer las instituciones que generan empleo\u201d.<\/p>\n\n\n\n<h3 class=\"wp-block-heading\">Inyecci\u00f3n de recursos y reactivaci\u00f3n inmobiliaria<\/h3>\n\n\n\n<p>El pilar de financiamiento directo contempla un aumento de&nbsp;<strong>$400.000 millones<\/strong>&nbsp;adicionales para el Fondo de Emergencia Transitorio por Incendios (<strong>FET-Incendios<\/strong>).&nbsp;Estos recursos est\u00e1n destinados espec\u00edficamente a cubrir las necesidades urgentes derivadas de la cat\u00e1strofe que afect\u00f3 al centro-sur del pa\u00eds a inicios de este a\u00f1o.<\/p>\n\n\n\n<p>En paralelo,&nbsp;el Gobierno busca dar salida al stock de&nbsp;<strong>100 mil viviendas nuevas<\/strong>&nbsp;que actualmente no encuentran comprador.&nbsp;Para ello,&nbsp;se propone una medida excepcional:&nbsp;la&nbsp;<strong>eliminaci\u00f3n del IVA a la venta de viviendas por un periodo de 12 meses<\/strong>.&nbsp;Con un d\u00e9ficit habitacional de 500 mil unidades,&nbsp;Hacienda apuesta a que esta tasa del 0% agilice las transacciones y reduzca el precio final para los compradores.<\/p>\n\n\n\n<h3 class=\"wp-block-heading\">Incentivos a la inversi\u00f3n y beneficios sociales<\/h3>\n\n\n\n<p>El plan tambi\u00e9n incluye compromisos de campa\u00f1a del Presidente Kast y ajustes alineados con est\u00e1ndares internacionales:<\/p>\n\n\n\n<ul class=\"wp-block-list\">\n<li><strong>Baja de Impuestos Corporativos:<\/strong>&nbsp;La tasa del Impuesto de Primera Categor\u00eda (IDPC) se reducir\u00e1 del&nbsp;<strong>27% al 23%<\/strong>,&nbsp;con el objetivo de fomentar la reinversi\u00f3n de utilidades y acercar a Chile a los promedios de la OCDE.<\/li>\n\n\n\n<li><strong>Alivio para Adultos Mayores:<\/strong>&nbsp;Se establece la&nbsp;<strong>eliminaci\u00f3n total del pago de contribuciones<\/strong>&nbsp;para propietarios mayores de 65 a\u00f1os respecto de su primera vivienda.<\/li>\n\n\n\n<li><strong>Protecci\u00f3n del Empleo:<\/strong>&nbsp;Se crear\u00e1 un subsidio macroecon\u00f3mico para que el Estado apoye a los empleadores en el pago de cotizaciones, buscando mantener la formalidad laboral en zonas de riesgo de cesant\u00eda.<\/li>\n<\/ul>\n\n\n\n<p>Finalmente, Quiroz destac\u00f3 que el proyecto incluye una fuerte agenda de&nbsp;<strong>reducci\u00f3n de burocracia<\/strong>&nbsp;para agilizar los permisos sectoriales, factor que el Gobierno identifica como el principal \u201ccuello de botella\u201d para el desarrollo de grandes proyectos de infraestructura y energ\u00eda en el pa\u00eds.<\/p>\n\n\n\n<p><a href=\"https:\/\/radio.uchile.cl\/2026\/03\/15\/viviendas-sin-iva-y-400-mil-millones-para-reconstruccion-el-detalle-del-plan-economico\/\">Viviendas sin IVA y $400 mil millones para reconstrucci\u00f3n: el detalle del plan econ\u00f3mico \u00ab Diario y Radio Universidad Chile<\/a><\/p>\n\n\n<p><iframe loading=\"lazy\" class=\"scribd_iframe_embed\" title=\"Viviendas Sin IVA y $400 Mil Millones Para Reconstrucci\u00f3n El Detalle Del Plan Econ\u00f3mico 14-03-2026\" src=\"https:\/\/www.scribd.com\/embeds\/1013044750\/content?start_page=1&#038;view_mode=scroll&#038;access_key=key-M58AmcJ04lTy6clgzPK3\" tabindex=\"0\" data-auto-height=\"true\" data-aspect-ratio=\"0.7729220222793488\" scrolling=\"no\" width=\"100%\" height=\"600\" frameborder=\"0\" ><\/iframe> <\/p>\n<p style=\"margin: 12px auto 6px auto; font-family: Helvetica,Arial,Sans-serif; font-size: 14px; line-height: normal; display: block;\"> <a title=\"View Viviendas Sin IVA y $400 Mil Millones Para Reconstrucci\u00f3n El Detalle Del Plan Econ\u00f3mico 14-03-2026 on Scribd\" href=\"https:\/\/www.scribd.com\/document\/1013044750\/Viviendas-Sin-IVA-y-400-Mil-Millones-Para-Reconstruccion-El-Detalle-Del-Plan-Economico-14-03-2026#from_embed\" style=\"color: #098642; text-decoration: underline;\"> Viviendas Sin IVA y $400 Mil Millones Para Reconstrucci\u00f3n El Detalle Del Plan Econ\u00f3mico 14-03-2026 <\/a> by <a title=\"View Ren\u00e9 Ram\u00f3n Poblete Arizmendy's profile on Scribd\" href=\"https:\/\/www.scribd.com\/user\/378710026\/Rene-Ramon-Poblete-Arizmendy#from_embed\" style=\"color: #098642; text-decoration: underline;\" > Ren\u00e9 Ram\u00f3n Poblete Arizmendy <\/a> <\/p>\n\n\n<p><\/p>\n","protected":false},"excerpt":{"rendered":"<p>ESTA POLITICA BUSCA REALMENTE AYUDAR A PERSONAS QUE ADQUIEREN VIVIENDA POR PRIMERA VES??? O ESTA DESTINADA A PERSONAS QUE ESPECULAN Y HACEN LAVADO\u00bf? EN OTRAS PALABRAS A AQUELLOS QUE HACEN NEGOCIO MAS QUE USAN LA VIVIENDA\u00bf?&#8230; Tras el anuncio presidencial en Lirqu\u00e9n,&nbsp;el ministro de Hacienda,&nbsp;Jorge Quiroz,&nbsp;entreg\u00f3 los detalles t\u00e9cnicos del&nbsp;Plan de Reconstrucci\u00f3n Nacional&nbsp;que el Ejecutivo [&hellip;]<\/p>\n","protected":false},"author":1,"featured_media":354,"comment_status":"closed","ping_status":"closed","sticky":false,"template":"","format":"standard","meta":{"footnotes":""},"categories":[13],"tags":[],"class_list":["post-3321","post","type-post","status-publish","format-standard","has-post-thumbnail","hentry","category-noticias-nacionales"],"_links":{"self":[{"href":"https:\/\/pinochetismo.com\/index.php?rest_route=\/wp\/v2\/posts\/3321"}],"collection":[{"href":"https:\/\/pinochetismo.com\/index.php?rest_route=\/wp\/v2\/posts"}],"about":[{"href":"https:\/\/pinochetismo.com\/index.php?rest_route=\/wp\/v2\/types\/post"}],"author":[{"embeddable":true,"href":"https:\/\/pinochetismo.com\/index.php?rest_route=\/wp\/v2\/users\/1"}],"replies":[{"embeddable":true,"href":"https:\/\/pinochetismo.com\/index.php?rest_route=%2Fwp%2Fv2%2Fcomments&post=3321"}],"version-history":[{"count":1,"href":"https:\/\/pinochetismo.com\/index.php?rest_route=\/wp\/v2\/posts\/3321\/revisions"}],"predecessor-version":[{"id":3322,"href":"https:\/\/pinochetismo.com\/index.php?rest_route=\/wp\/v2\/posts\/3321\/revisions\/3322"}],"wp:featuredmedia":[{"embeddable":true,"href":"https:\/\/pinochetismo.com\/index.php?rest_route=\/wp\/v2\/media\/354"}],"wp:attachment":[{"href":"https:\/\/pinochetismo.com\/index.php?rest_route=%2Fwp%2Fv2%2Fmedia&parent=3321"}],"wp:term":[{"taxonomy":"category","embeddable":true,"href":"https:\/\/pinochetismo.com\/index.php?rest_route=%2Fwp%2Fv2%2Fcategories&post=3321"},{"taxonomy":"post_tag","embeddable":true,"href":"https:\/\/pinochetismo.com\/index.php?rest_route=%2Fwp%2Fv2%2Ftags&post=3321"}],"curies":[{"name":"wp","href":"https:\/\/api.w.org\/{rel}","templated":true}]}}