{"id":2894,"date":"2025-05-03T21:59:29","date_gmt":"2025-05-04T01:59:29","guid":{"rendered":"https:\/\/pinochetismo.com\/?p=2894"},"modified":"2025-05-03T21:59:30","modified_gmt":"2025-05-04T01:59:30","slug":"arde-el-debate-en-redes-sociales-por-polemica-campana-de-falabella-por-el-dia-de-la-madre-incluyo-modelo-con-rasgos-caribenos","status":"publish","type":"post","link":"https:\/\/pinochetismo.com\/?p=2894","title":{"rendered":"Arde el debate en redes sociales por pol\u00e9mica campa\u00f1a de Falabella por el D\u00eda de la Madre: incluy\u00f3 modelo con rasgos caribe\u00f1os"},"content":{"rendered":"\n<figure class=\"wp-block-embed is-type-video is-provider-youtube wp-block-embed-youtube wp-embed-aspect-16-9 wp-has-aspect-ratio\"><div class=\"wp-block-embed__wrapper\">\n<iframe loading=\"lazy\" title=\"\u263b\ufe0f FALABELLA INSULT\u00d3 a madres CHILENAS! ESTO no se lo van A PERDONAR\" width=\"640\" height=\"360\" src=\"https:\/\/www.youtube.com\/embed\/2AVe1lsR4cA?feature=oembed\" frameborder=\"0\" allow=\"accelerometer; autoplay; clipboard-write; encrypted-media; gyroscope; picture-in-picture; web-share\" referrerpolicy=\"strict-origin-when-cross-origin\" allowfullscreen><\/iframe>\n<\/div><\/figure>\n\n\n\n<p><\/p>\n\n\n\n<figure class=\"wp-block-image size-full\"><img loading=\"lazy\" decoding=\"async\" width=\"1023\" height=\"682\" src=\"https:\/\/pinochetismo.com\/wp-content\/uploads\/2025\/05\/image.png\" alt=\"\" class=\"wp-image-2895\" srcset=\"https:\/\/pinochetismo.com\/wp-content\/uploads\/2025\/05\/image.png 1023w, https:\/\/pinochetismo.com\/wp-content\/uploads\/2025\/05\/image-300x200.png 300w, https:\/\/pinochetismo.com\/wp-content\/uploads\/2025\/05\/image-768x512.png 768w\" sizes=\"(max-width: 1023px) 100vw, 1023px\" \/><\/figure>\n\n\n\n<p>La empresa debi\u00f3 limitar los comentarios de la publicaci\u00f3n con la imagen.<br><\/p>\n\n\n\n<p>Mientras algunos aseguran que la modelo no representa a la mujer chilena, otros acusan de racista a la pol\u00e9mica.<\/p>\n\n\n\n<p><\/p>\n\n\n\n<p><strong>s\u00e1bado, 3 de mayo de 2025<\/strong><strong><time datetime=\"2025-05-03T11:52:39-04:00\">11:52<\/time>&nbsp;hs<\/strong><\/p>\n\n\n\n<p>Un intenso debate se est\u00e1 llevando a cabo en redes sociales luego que Falabella&nbsp;<strong>incluyera a una modelo con rasgos caribe\u00f1os&nbsp;<\/strong>en su campa\u00f1a por el D\u00eda de la Madre en Chile.<\/p>\n\n\n\n<p>\u201cFeliz d\u00eda para ella, todos los d\u00edas. \ud83d\udc9a Porque mam\u00e1 no necesita una fecha para brillar, en Falabella celebramos su estilo siempre\u00bb, se lee en el post donde se puede ver a la modelo siendo abrazada por una ni\u00f1a.<\/p>\n\n\n\n<figure class=\"wp-block-image size-full\"><img loading=\"lazy\" decoding=\"async\" width=\"1021\" height=\"748\" src=\"https:\/\/pinochetismo.com\/wp-content\/uploads\/2025\/05\/image-1.png\" alt=\"\" class=\"wp-image-2896\" srcset=\"https:\/\/pinochetismo.com\/wp-content\/uploads\/2025\/05\/image-1.png 1021w, https:\/\/pinochetismo.com\/wp-content\/uploads\/2025\/05\/image-1-300x220.png 300w, https:\/\/pinochetismo.com\/wp-content\/uploads\/2025\/05\/image-1-768x563.png 768w\" sizes=\"(max-width: 1021px) 100vw, 1021px\" \/><\/figure>\n\n\n\n<p>En la secci\u00f3n de comentarios de la foto de Instagram se critic\u00f3 fuertemente que la imagen no representa a la mujer chilena con duros ep\u00edtetos en contra de la campa\u00f1a,&nbsp;<strong>lo que llev\u00f3 a la empresa a limitar los mensajes de la publicaci\u00f3n<\/strong>.<\/p>\n\n\n\n<p>Especial rechazo gener\u00f3 un comentario que se viraliz\u00f3 en redes sociales y que proven\u00eda del Instagram de Falabella.<\/p>\n\n\n\n<p>\u201cEsta publicaci\u00f3n no nos representa. En Chile las mujeres no nos vemos as\u00ed,<strong>&nbsp;no somos negras, afrodescendientes ni zambas<\/strong>\u201d,&nbsp;<a href=\"https:\/\/x.com\/ElAhorcado_SG\/status\/1918388914404147659\" target=\"_blank\" rel=\"noreferrer noopener\">escribi\u00f3 una persona<\/a>.<\/p>\n\n\n\n<p>\u201cNuestras narices, grandes o chicos, tienen cart\u00edlago. Nuestras manos lucen u\u00f1as cortas al natural o en tonos nude, somos trabajadoras, esforzadas, estudiosas\u201d, prosigui\u00f3.<\/p>\n\n\n\n<p>\u201cLas chilenas no nos dejamos mantener porque consideramos que eso nos quita dignidad como mujer,&nbsp;<strong>no nos peleamos por hombres, peleamos por nuestros hijos a los cuales criamos y cuidamos como fieras<\/strong>. Preferimos pagar un mag\u00edster antes que una cirug\u00eda pl\u00e1stica y no nos quita feminidad pagar 50\/50. Somos mujeres chilenas, no caribe\u00f1as\u201d, cerr\u00f3.<\/p>\n\n\n\n<p><a href=\"https:\/\/www.lacuarta.com\/autor\/bernardita-villa\/\"><\/a><\/p>\n\n\n\n<p><\/p>\n\n\n\n<p><\/p>\n\n\n<blockquote class=\"twitter-tweet\" data-media-max-width=\"560\">\n<p lang=\"es\" dir=\"ltr\">Este comentario en la cuenta de Instagram de <a href=\"https:\/\/twitter.com\/Falabella_Chile?ref_src=twsrc%5Etfw\">@Falabella_Chile<\/a> lo explica todo!<br \/>\ud83d\udc4f <a href=\"https:\/\/t.co\/omQJBNsoUY\">pic.twitter.com\/omQJBNsoUY<\/a><\/p>\n<p>&mdash; Clau S. Gigante (@ElAhorcado_SG) <a href=\"https:\/\/twitter.com\/ElAhorcado_SG\/status\/1918388914404147659?ref_src=twsrc%5Etfw\">May 2, 2025<\/a><\/p>\n<\/blockquote>\n<p> <script async src=\"https:\/\/platform.twitter.com\/widgets.js\" charset=\"utf-8\"><\/script><\/p>\n\n\n<p>Por su parte, no fueron pocos los que calificaron de racista el mensaje y la pol\u00e9mica en s\u00ed.<\/p>\n\n\n\n<p>\u201cUno piensa que no pueden ser m\u00e1s rid\u00edculos, pero van y se superan. INCRE\u00cdBLE que and\u00e9n llorando porque eligieron a una mujer negra para una campa\u00f1a de publicidad.<strong>&nbsp;Son xen\u00f3fobos y racistas. Verg\u00fcenza ajena es lo que dan<\/strong>, son unos N\u00f3rdicos de Temu JAJAJAJAJJAAJJAAJAJJAAJ\u201d, respondi\u00f3 una cibernauta.<\/p>\n\n\n\n<p>\u201cLas marcas llevan d\u00e9cadas mostrando modelos cauc\u00e1sicas, rubias y de ojos azules en las publicidades de ropa, y de seguro la tipa del comentario jam\u00e1s reclam\u00f3.. ahora ponen a una mujer morena y se enojan\u201d, escribi\u00f3 otro.<\/p>\n\n\n\n<p>\u201cEn Chile s\u00ed existen afrodescendientes del tiempo de los esclavos, as\u00ed que en ese sentido es ser ignorante decir eso. Y sobretodo porque ahora existen ni\u00f1as chilenas que si son as\u00ed,&nbsp;<strong>una cosa es estar en descontento por x personas y otra es excluir a las chilenas que s\u00ed son as\u00ed<\/strong>\u201c, a\u00f1adi\u00f3 otro tuitero.<\/p>\n\n\n\n<p>\u201cCuando ponen\/pon\u00edan a Valeria Mazza (Argentina) rubia, Alta, delgada y ojos claros era un prototipo de chilena? O esos ni\u00f1os rubios de ojos azules? No dec\u00edan nada, son unos racistas de porquer\u00eda. No les importa que no represente a Chile, sino que no sea personas cauc\u00e1sicas\u201d, sentenciaron.<\/p>\n\n\n\n<p><strong>Revisa aqu\u00ed m\u00e1s comentarios:<\/strong><\/p>\n\n\n\n<p><\/p>\n\n\n<blockquote class=\"twitter-tweet\" data-media-max-width=\"560\">\n<p lang=\"es\" dir=\"ltr\">\u00a1La mujer chilena no es as\u00ed!<\/p>\n<p>Lamentable c\u00f3mo <a href=\"https:\/\/twitter.com\/hashtag\/Falabella?src=hash&amp;ref_src=twsrc%5Etfw\">#Falabella<\/a> dej\u00f3 de ser esa marca chilena que influ\u00eda significativamente en el \u00e1nimo del consumidor porque apelaba, precisamente, a nuestras emociones, valores e identidad chilena. <a href=\"https:\/\/twitter.com\/Falabella_Chile?ref_src=twsrc%5Etfw\">@Falabella_Chile<\/a> <a href=\"https:\/\/t.co\/MZT3rGXZNn\">pic.twitter.com\/MZT3rGXZNn<\/a><\/p>\n<p>&mdash; CLAUDIA (@ClauDePizan) <a href=\"https:\/\/twitter.com\/ClauDePizan\/status\/1918443481397146008?ref_src=twsrc%5Etfw\">May 2, 2025<\/a><\/p><\/blockquote>\n<p> <script async src=\"https:\/\/platform.twitter.com\/widgets.js\" charset=\"utf-8\"><\/script><\/p>\n\n\n<p><\/p>\n\n\n<blockquote class=\"twitter-tweet\" data-media-max-width=\"560\">\n<p lang=\"es\" dir=\"ltr\">\u00a1\u00a1ESTA MADRE NO NOS REPRESENTA!!<a href=\"https:\/\/twitter.com\/hashtag\/falabella?src=hash&amp;ref_src=twsrc%5Etfw\">#falabella<\/a> fomentando que Chile se adapte a los venecos, cuando debe ser al rev\u00e9s. Ellos son los invasores, los que deben adaptarse y respetar, no seguir imponiendo sus malos h\u00e1bitos de convivencia y salvajismo. P\u00e9sima iniciativa <a href=\"https:\/\/twitter.com\/Falabella_Chile?ref_src=twsrc%5Etfw\">@Falabella_Chile<\/a> <a href=\"https:\/\/t.co\/BGLMGGNbSm\">pic.twitter.com\/BGLMGGNbSm<\/a><\/p>\n<p>&mdash; \ud835\udc6f\ud835\udc86\ud835\udc8d\ud835\udc8f\ud835\udc90\ud835\udc93\ud835\udc82 (@HELNORA) <a href=\"https:\/\/twitter.com\/HELNORA\/status\/1918405679313748465?ref_src=twsrc%5Etfw\">May 2, 2025<\/a><\/p><\/blockquote>\n<p> <script async src=\"https:\/\/platform.twitter.com\/widgets.js\" charset=\"utf-8\"><\/script><\/p>\n\n\n<p><\/p>\n\n\n<blockquote class=\"twitter-tweet\" data-media-max-width=\"560\">\n<p lang=\"es\" dir=\"ltr\">Sres <a href=\"https:\/\/twitter.com\/Falabella_Chile?ref_src=twsrc%5Etfw\">@Falabella_Chile<\/a> , pueden irse un rato a la cresta con eso de meternos los venezolanos a la fuerza, aprendan de Peru, estoy seriamente evaluando cerrar mis cuentas de retail y banco de ustedes si est\u00e1n en esta parada. <a href=\"https:\/\/t.co\/pCRZMZSpLk\">pic.twitter.com\/pCRZMZSpLk<\/a><\/p>\n<p>&mdash; Nicolas_\u2551\u2563\u00a9 (@Nicolas90604270) <a href=\"https:\/\/twitter.com\/Nicolas90604270\/status\/1918377285750784278?ref_src=twsrc%5Etfw\">May 2, 2025<\/a><\/p><\/blockquote>\n<p> <script async src=\"https:\/\/platform.twitter.com\/widgets.js\" charset=\"utf-8\"><\/script><\/p>\n\n\n<p><a href=\"https:\/\/www.lacuarta.com\/tendencias\/noticia\/arde-el-debate-en-redes-sociales-por-polemica-campana-de-falabella-por-el-dia-de-la-madre-incluyo-modelo-con-rasgos-caribenos\/#\">Arde el debate en redes sociales por pol\u00e9mica campa\u00f1a de Falabella por el D\u00eda de la Madre: incluy\u00f3 modelo con rasgos caribe\u00f1os | Tendencias<\/a><\/p>\n\n\n\n<p><\/p>\n\n\n\n<p><\/p>\n\n\n\n<p><\/p>\n","protected":false},"excerpt":{"rendered":"<p>La empresa debi\u00f3 limitar los comentarios de la publicaci\u00f3n con la imagen. Mientras algunos aseguran que la modelo no representa a la mujer chilena, otros acusan de racista a la pol\u00e9mica. s\u00e1bado, 3 de mayo de 202511:52&nbsp;hs Un intenso debate se est\u00e1 llevando a cabo en redes sociales luego que Falabella&nbsp;incluyera a una modelo con [&hellip;]<\/p>\n","protected":false},"author":1,"featured_media":343,"comment_status":"open","ping_status":"open","sticky":false,"template":"","format":"standard","meta":{"footnotes":""},"categories":[13],"tags":[],"class_list":["post-2894","post","type-post","status-publish","format-standard","has-post-thumbnail","hentry","category-noticias-nacionales"],"_links":{"self":[{"href":"https:\/\/pinochetismo.com\/index.php?rest_route=\/wp\/v2\/posts\/2894"}],"collection":[{"href":"https:\/\/pinochetismo.com\/index.php?rest_route=\/wp\/v2\/posts"}],"about":[{"href":"https:\/\/pinochetismo.com\/index.php?rest_route=\/wp\/v2\/types\/post"}],"author":[{"embeddable":true,"href":"https:\/\/pinochetismo.com\/index.php?rest_route=\/wp\/v2\/users\/1"}],"replies":[{"embeddable":true,"href":"https:\/\/pinochetismo.com\/index.php?rest_route=%2Fwp%2Fv2%2Fcomments&post=2894"}],"version-history":[{"count":1,"href":"https:\/\/pinochetismo.com\/index.php?rest_route=\/wp\/v2\/posts\/2894\/revisions"}],"predecessor-version":[{"id":2897,"href":"https:\/\/pinochetismo.com\/index.php?rest_route=\/wp\/v2\/posts\/2894\/revisions\/2897"}],"wp:featuredmedia":[{"embeddable":true,"href":"https:\/\/pinochetismo.com\/index.php?rest_route=\/wp\/v2\/media\/343"}],"wp:attachment":[{"href":"https:\/\/pinochetismo.com\/index.php?rest_route=%2Fwp%2Fv2%2Fmedia&parent=2894"}],"wp:term":[{"taxonomy":"category","embeddable":true,"href":"https:\/\/pinochetismo.com\/index.php?rest_route=%2Fwp%2Fv2%2Fcategories&post=2894"},{"taxonomy":"post_tag","embeddable":true,"href":"https:\/\/pinochetismo.com\/index.php?rest_route=%2Fwp%2Fv2%2Ftags&post=2894"}],"curies":[{"name":"wp","href":"https:\/\/api.w.org\/{rel}","templated":true}]}}